{"id":438515,"date":"2015-10-12T14:06:27","date_gmt":"2015-10-12T20:06:27","guid":{"rendered":"http:\/\/www.dilabsa.com\/es\/?p=438515"},"modified":"2025-09-24T16:05:35","modified_gmt":"2025-09-24T22:05:35","slug":"alergenos-alimentarios","status":"publish","type":"post","link":"http:\/\/www.dilabsa.com\/es\/alergenos-alimentarios\/","title":{"rendered":"Al\u00e9rgenos alimentarios"},"content":{"rendered":"<h1 style=\"text-align: center;\"><img fetchpriority=\"high\" decoding=\"async\" class=\"aligncenter wp-image-144560 size-large\" src=\"http:\/\/www.dilabsa.com\/es\/wp-content\/uploads\/2015\/07\/banner-cap-DILAB-1024x205.jpg\" alt=\"banner cap DILAB\" width=\"1024\" height=\"205\" \/><\/h1>\n<div id=\"ez-toc-container\" class=\"ez-toc-v2_0_82_2 counter-hierarchy ez-toc-counter ez-toc-grey ez-toc-container-direction\">\n<div class=\"ez-toc-title-container\">\n<p class=\"ez-toc-title\" style=\"cursor:inherit\">Table of Contents<\/p>\n<span class=\"ez-toc-title-toggle\"><a href=\"#\" class=\"ez-toc-pull-right ez-toc-btn ez-toc-btn-xs ez-toc-btn-default ez-toc-toggle\" aria-label=\"Alternar tabla de contenidos\"><span class=\"ez-toc-js-icon-con\"><span class=\"\"><span class=\"eztoc-hide\" style=\"display:none;\">Toggle<\/span><span class=\"ez-toc-icon-toggle-span\"><svg style=\"fill: #999;color:#999\" xmlns=\"http:\/\/www.w3.org\/2000\/svg\" class=\"list-377408\" width=\"20px\" height=\"20px\" viewBox=\"0 0 24 24\" fill=\"none\"><path d=\"M6 6H4v2h2V6zm14 0H8v2h12V6zM4 11h2v2H4v-2zm16 0H8v2h12v-2zM4 16h2v2H4v-2zm16 0H8v2h12v-2z\" fill=\"currentColor\"><\/path><\/svg><svg style=\"fill: #999;color:#999\" class=\"arrow-unsorted-368013\" xmlns=\"http:\/\/www.w3.org\/2000\/svg\" width=\"10px\" height=\"10px\" viewBox=\"0 0 24 24\" version=\"1.2\" baseProfile=\"tiny\"><path d=\"M18.2 9.3l-6.2-6.3-6.2 6.3c-.2.2-.3.4-.3.7s.1.5.3.7c.2.2.4.3.7.3h11c.3 0 .5-.1.7-.3.2-.2.3-.5.3-.7s-.1-.5-.3-.7zM5.8 14.7l6.2 6.3 6.2-6.3c.2-.2.3-.5.3-.7s-.1-.5-.3-.7c-.2-.2-.4-.3-.7-.3h-11c-.3 0-.5.1-.7.3-.2.2-.3.5-.3.7s.1.5.3.7z\"\/><\/svg><\/span><\/span><\/span><\/a><\/span><\/div>\n<nav><ul class='ez-toc-list ez-toc-list-level-1 ' ><li class='ez-toc-page-1 ez-toc-heading-level-1'><a class=\"ez-toc-link ez-toc-heading-1\" href=\"http:\/\/www.dilabsa.com\/es\/alergenos-alimentarios\/#Los_alergenos_alimentarios\" >Los al\u00e9rgenos alimentarios<\/a><ul class='ez-toc-list-level-2' ><li class='ez-toc-heading-level-2'><a class=\"ez-toc-link ez-toc-heading-2\" href=\"http:\/\/www.dilabsa.com\/es\/alergenos-alimentarios\/#%C2%BFQue_causa_las_alergias_alimentarias\" >\u00bfQu\u00e9 causa las alergias alimentarias?<\/a><\/li><li class='ez-toc-page-1 ez-toc-heading-level-2'><a class=\"ez-toc-link ez-toc-heading-3\" href=\"http:\/\/www.dilabsa.com\/es\/alergenos-alimentarios\/#%C2%BFAlergia_o_intolerancia\" >\u00bfAlergia o intolerancia?<\/a><\/li><\/ul><\/li><li class='ez-toc-page-1 ez-toc-heading-level-1'><a class=\"ez-toc-link ez-toc-heading-4\" href=\"http:\/\/www.dilabsa.com\/es\/alergenos-alimentarios\/#%C2%BFSabes_como_detectarlos\" >\u00bfSabes c\u00f3mo detectarlos?<\/a><\/li><\/ul><\/nav><\/div>\n<h1 style=\"text-align: center;\"><span class=\"ez-toc-section\" id=\"Los_alergenos_alimentarios\"><\/span>Los al\u00e9rgenos alimentarios<span class=\"ez-toc-section-end\"><\/span><\/h1>\n<p style=\"text-align: left;\">En los \u00faltimos a\u00f1os, la prevalencia de las alergias alimentarias ha despertado un gran inter\u00e9s. Actualmente, se estima que el 2-4% de los adultos y el 6% de los ni\u00f1os sufren alg\u00fan tipo de alergia alimentaria. A pesar de que sabemos m\u00e1s que nunca sobre las cuestiones relacionadas con este tema y sobre los alimentos que las producen, las alergias alimentarias siguen siendo un tema complejo y dif\u00edcil.<\/p>\n<p style=\"text-align: left;\"><img decoding=\"async\" class=\"aligncenter wp-image-438519 size-full\" src=\"http:\/\/www.dilabsa.com\/es\/wp-content\/uploads\/2015\/10\/alergias1.jpg\" alt=\"alergias1\" width=\"440\" height=\"330\" srcset=\"http:\/\/www.dilabsa.com\/es\/wp-content\/uploads\/2015\/10\/alergias1.jpg 440w, http:\/\/www.dilabsa.com\/es\/wp-content\/uploads\/2015\/10\/alergias1-300x225.jpg 300w, http:\/\/www.dilabsa.com\/es\/wp-content\/uploads\/2015\/10\/alergias1-150x113.jpg 150w\" sizes=\"(max-width: 440px) 100vw, 440px\" \/><\/p>\n<h2 style=\"text-align: left;\"><span class=\"ez-toc-section\" id=\"%C2%BFQue_causa_las_alergias_alimentarias\"><\/span><span class=\"greentitle\">\u00bfQu\u00e9 causa las alergias alimentarias?<\/span><span class=\"ez-toc-section-end\"><\/span><\/h2>\n<div style=\"text-align: left;\"><\/div>\n<div style=\"text-align: left;\">El sistema inmunol\u00f3gico protege al cuerpo de las prote\u00ednas extra\u00f1as da\u00f1inas generando una respuesta para eliminarlas. La alergia se da esencialmente cuando el sistema inmunol\u00f3gico \u00abno funciona bien\u00bb y percibe una sustancia normalmente inocua como si fuera una amenaza (un al\u00e9rgeno), y la ataca con las defensas inmunol\u00f3gicas del cuerpo. Cuando hay una reacci\u00f3n al\u00e9rgica real, el cuerpo produce anticuerpos (prote\u00ednas que espec\u00edficamente se unen a los al\u00e9rgenos para neutralizarlos y eliminarlos del cuerpo). Existen distintos tipos de anticuerpos, pero el responsable de las reacciones al\u00e9rgicas ante alimentos se conoce como inmunoglobulina E (IgE). El anticuerpo IgE se une a los al\u00e9rgenos, desencadenando una reacci\u00f3n al\u00e9rgica.<\/div>\n<div style=\"text-align: left;\"><\/div>\n<div style=\"text-align: left;\">Durante la reacci\u00f3n al\u00e9rgica, la IgE activa la segregaci\u00f3n de mol\u00e9culas se\u00f1alizadoras en el torrente sangu\u00edneo, lo que a su vez provoca los s\u00edntomas comunes de las alergias alimentarias. Entre ellos est\u00e1n las erupciones cut\u00e1neas, inflamaci\u00f3n de los labios, n\u00e1useas, dolor abdominal, hinchaz\u00f3n, v\u00f3mito y diarrea. Afortunadamente, la mayor\u00eda de las reacciones al\u00e9rgicas a los alimentos son relativamente leves, aunque en raras ocasiones las reacciones al\u00e9rgicas pueden poner en peligro la vida.<\/div>\n<div style=\"text-align: left;\"><\/div>\n<div style=\"text-align: left;\"><img decoding=\"async\" class=\"aligncenter wp-image-438518 size-full\" src=\"http:\/\/www.dilabsa.com\/es\/wp-content\/uploads\/2015\/10\/alergenos.png\" alt=\"alergenos\" width=\"895\" height=\"447\" srcset=\"http:\/\/www.dilabsa.com\/es\/wp-content\/uploads\/2015\/10\/alergenos.png 895w, http:\/\/www.dilabsa.com\/es\/wp-content\/uploads\/2015\/10\/alergenos-450x225.png 450w, http:\/\/www.dilabsa.com\/es\/wp-content\/uploads\/2015\/10\/alergenos-800x400.png 800w, http:\/\/www.dilabsa.com\/es\/wp-content\/uploads\/2015\/10\/alergenos-300x150.png 300w, http:\/\/www.dilabsa.com\/es\/wp-content\/uploads\/2015\/10\/alergenos-600x300.png 600w, http:\/\/www.dilabsa.com\/es\/wp-content\/uploads\/2015\/10\/alergenos-150x75.png 150w\" sizes=\"(max-width: 895px) 100vw, 895px\" \/><\/div>\n<div style=\"text-align: left;\"><\/div>\n<h2 style=\"text-align: left;\"><span class=\"ez-toc-section\" id=\"%C2%BFAlergia_o_intolerancia\"><\/span><span class=\"greentitle\">\u00bfAlergia o intolerancia?<\/span><span class=\"ez-toc-section-end\"><\/span><\/h2>\n<div style=\"text-align: left;\"><\/div>\n<div style=\"text-align: left;\">Aunque mucha gente habla de alergia alimentaria o reacci\u00f3n al\u00e9rgica refiri\u00e9ndose a cualquier reacci\u00f3n desagradable que ocurra tras ingerir un alimento, en muchos casos es probable que se trate de una intolerancia o una aversi\u00f3n. Las verdaderas reacciones al\u00e9rgicas se dan poco tiempo despu\u00e9s de haber comido y activan el sistema inmunol\u00f3gico, produciendo IgE. Los s\u00edntomas de una intolerancia alimentaria suelen tardar m\u00e1s tiempo en observarse, no aparece una respuesta inmunol\u00f3gica e incluyen s\u00edntomas como la hinchaz\u00f3n, diarrea o estre\u00f1imiento. Un ejemplo de intolerancia es la intolerancia a la lactosa. Quienes la sufren carecen de la enzima digestiva lactasa que descompone la lactosa, el az\u00facar presente en la leche. Como consecuencia de ello, las bacterias intestinales fermentan la lactosa, produciendo flatulencia, dolor abdominal y diarrea.<\/div>\n<div style=\"text-align: left;\">\u00a0*Fuente 1<\/div>\n<div style=\"text-align: left;\">\u00a0<img loading=\"lazy\" decoding=\"async\" class=\"aligncenter wp-image-438521 size-full\" src=\"http:\/\/www.dilabsa.com\/es\/wp-content\/uploads\/2015\/10\/Al\u00e9rgenos-alimentarios-300x150.jpg\" alt=\"Al\u00e9rgenos-alimentarios-300x150\" width=\"300\" height=\"150\" srcset=\"http:\/\/www.dilabsa.com\/es\/wp-content\/uploads\/2015\/10\/Al\u00e9rgenos-alimentarios-300x150.jpg 300w, http:\/\/www.dilabsa.com\/es\/wp-content\/uploads\/2015\/10\/Al\u00e9rgenos-alimentarios-300x150-150x75.jpg 150w\" sizes=\"(max-width: 300px) 100vw, 300px\" \/><\/div>\n<div style=\"text-align: left;\"><\/div>\n<div style=\"text-align: left;\"><\/div>\n<div style=\"text-align: left;\">En la patog\u00e9nesis de las enfermedades al\u00e9rgicas est\u00e1n involucrados el ambiente, la carga gen\u00e9tica y la inmunocompetencia del individuo. Continuamente nuestro sistema inmune est\u00e1 expuesto a numerosas prote\u00ednas, sin embargo, solo unas pocas inducen una respuesta inmune al\u00e9rgica. El potencial intr\u00ednsico de una prote\u00edna alerg\u00e9nica para inducir sensibilizaci\u00f3n solo se manifiesta en individuos susceptibles, gen\u00e9ticamente condicionados a presentar respuestas at\u00f3picas. Muchas de estas prote\u00ednas alerg\u00e9nicas comparten alguna homolog\u00eda en su secuencia de amino\u00e1cidos. Estos al\u00e9rgenos poseen un amplio rango de caracter\u00edsticas moleculares, ninguna de las cuales es \u00fanica solo para estas prote\u00ednas alerg\u00e9nicas. A pesar de esto, algunas de estas caracter\u00edsticas son m\u00e1s comunes entre algunos al\u00e9rgenos que con otras prote\u00ednas. Se ha demostrado que algunas prote\u00ednas con actividad enzim\u00e1tica inducen reacciones al\u00e9rgicas y que esta propiedad biol\u00f3gica est\u00e1 asociada con su actividad catal\u00edtica. En la presente revisi\u00f3n se describen las principales caracter\u00edsticas moleculares de las prote\u00ednas alerg\u00e9nicas, y se hace \u00e9nfasis en la cistein proteasas de los \u00e1caros intradomiciliarios, en raz\u00f3n a que ellas son un factor de riesgo en el desarrollo de una respuesta inmune al\u00e9rgica en individuos susceptibles y se constituyen en factores desencadenantes de respuestas inflamatorias en la fisiopatolog\u00eda de las enfermedades al\u00e9rgicas respiratorias.<\/div>\n<div style=\"text-align: left;\">*Fuente 2<\/div>\n<div style=\"text-align: left;\">\u00a0<img loading=\"lazy\" decoding=\"async\" class=\"aligncenter wp-image-438522 size-full\" src=\"http:\/\/www.dilabsa.com\/es\/wp-content\/uploads\/2015\/10\/alimentaria_2-220x300.jpg\" alt=\"alimentaria_2-220x300\" width=\"220\" height=\"300\" srcset=\"http:\/\/www.dilabsa.com\/es\/wp-content\/uploads\/2015\/10\/alimentaria_2-220x300.jpg 220w, http:\/\/www.dilabsa.com\/es\/wp-content\/uploads\/2015\/10\/alimentaria_2-220x300-110x150.jpg 110w\" sizes=\"(max-width: 220px) 100vw, 220px\" \/><\/div>\n<div style=\"text-align: left;\"><\/div>\n<h1 style=\"text-align: center;\"><span class=\"ez-toc-section\" id=\"%C2%BFSabes_como_detectarlos\"><\/span>\u00bfSabes c\u00f3mo detectarlos?<span class=\"ez-toc-section-end\"><\/span><\/h1>\n<h1 style=\"text-align: center;\"><img loading=\"lazy\" decoding=\"async\" class=\"aligncenter wp-image-438524 size-large\" src=\"http:\/\/www.dilabsa.com\/es\/wp-content\/uploads\/2015\/10\/BOLETIN-INFORMATIVO-DE-HISOPO-ALERGENOS-1-754x1024.jpg\" alt=\"Aller%20Tec.pdf\" width=\"754\" height=\"1024\" \/><\/h1>\n<h1 style=\"text-align: center;\"><img loading=\"lazy\" decoding=\"async\" class=\"aligncenter wp-image-438527 size-large\" src=\"http:\/\/www.dilabsa.com\/es\/wp-content\/uploads\/2015\/10\/BOLETIN-INFORMATIVO-DE-HISOPO-ALERGENOS-4-1024x925.jpg\" alt=\"Aller%20Tec.pdf\" width=\"1024\" height=\"925\" srcset=\"http:\/\/www.dilabsa.com\/es\/wp-content\/uploads\/2015\/10\/BOLETIN-INFORMATIVO-DE-HISOPO-ALERGENOS-4-1024x925.jpg 1024w, http:\/\/www.dilabsa.com\/es\/wp-content\/uploads\/2015\/10\/BOLETIN-INFORMATIVO-DE-HISOPO-ALERGENOS-4-450x407.jpg 450w, http:\/\/www.dilabsa.com\/es\/wp-content\/uploads\/2015\/10\/BOLETIN-INFORMATIVO-DE-HISOPO-ALERGENOS-4-800x723.jpg 800w, http:\/\/www.dilabsa.com\/es\/wp-content\/uploads\/2015\/10\/BOLETIN-INFORMATIVO-DE-HISOPO-ALERGENOS-4-300x271.jpg 300w, http:\/\/www.dilabsa.com\/es\/wp-content\/uploads\/2015\/10\/BOLETIN-INFORMATIVO-DE-HISOPO-ALERGENOS-4-600x542.jpg 600w, http:\/\/www.dilabsa.com\/es\/wp-content\/uploads\/2015\/10\/BOLETIN-INFORMATIVO-DE-HISOPO-ALERGENOS-4-150x136.jpg 150w\" sizes=\"(max-width: 1024px) 100vw, 1024px\" \/><\/h1>\n<h1 style=\"text-align: center;\"><a href=\"http:\/\/www.dilabsa.com\/es\/wp-content\/uploads\/2015\/10\/BOLETIN-INFORMATIVO-DE-HISOPO-ALERGENOS-3.jpg\"><img loading=\"lazy\" decoding=\"async\" class=\"aligncenter wp-image-438526 size-large\" src=\"http:\/\/www.dilabsa.com\/es\/wp-content\/uploads\/2015\/10\/BOLETIN-INFORMATIVO-DE-HISOPO-ALERGENOS-3-1024x920.jpg\" alt=\"Aller%20Tec.pdf\" width=\"1024\" height=\"920\" srcset=\"http:\/\/www.dilabsa.com\/es\/wp-content\/uploads\/2015\/10\/BOLETIN-INFORMATIVO-DE-HISOPO-ALERGENOS-3-1024x920.jpg 1024w, http:\/\/www.dilabsa.com\/es\/wp-content\/uploads\/2015\/10\/BOLETIN-INFORMATIVO-DE-HISOPO-ALERGENOS-3-450x404.jpg 450w, http:\/\/www.dilabsa.com\/es\/wp-content\/uploads\/2015\/10\/BOLETIN-INFORMATIVO-DE-HISOPO-ALERGENOS-3-800x719.jpg 800w, http:\/\/www.dilabsa.com\/es\/wp-content\/uploads\/2015\/10\/BOLETIN-INFORMATIVO-DE-HISOPO-ALERGENOS-3-300x270.jpg 300w, http:\/\/www.dilabsa.com\/es\/wp-content\/uploads\/2015\/10\/BOLETIN-INFORMATIVO-DE-HISOPO-ALERGENOS-3-600x539.jpg 600w, http:\/\/www.dilabsa.com\/es\/wp-content\/uploads\/2015\/10\/BOLETIN-INFORMATIVO-DE-HISOPO-ALERGENOS-3-150x135.jpg 150w\" sizes=\"(max-width: 1024px) 100vw, 1024px\" \/><\/a><\/h1>\n<h1 style=\"text-align: center;\"><img loading=\"lazy\" decoding=\"async\" class=\"aligncenter wp-image-438525 size-large\" src=\"http:\/\/www.dilabsa.com\/es\/wp-content\/uploads\/2015\/10\/BOLETIN-INFORMATIVO-DE-HISOPO-ALERGENOS-2-1024x978.jpg\" alt=\"Aller%20Tec.pdf\" width=\"1024\" height=\"978\" srcset=\"http:\/\/www.dilabsa.com\/es\/wp-content\/uploads\/2015\/10\/BOLETIN-INFORMATIVO-DE-HISOPO-ALERGENOS-2-1024x978.jpg 1024w, http:\/\/www.dilabsa.com\/es\/wp-content\/uploads\/2015\/10\/BOLETIN-INFORMATIVO-DE-HISOPO-ALERGENOS-2-450x430.jpg 450w, http:\/\/www.dilabsa.com\/es\/wp-content\/uploads\/2015\/10\/BOLETIN-INFORMATIVO-DE-HISOPO-ALERGENOS-2-800x764.jpg 800w, http:\/\/www.dilabsa.com\/es\/wp-content\/uploads\/2015\/10\/BOLETIN-INFORMATIVO-DE-HISOPO-ALERGENOS-2-300x287.jpg 300w, http:\/\/www.dilabsa.com\/es\/wp-content\/uploads\/2015\/10\/BOLETIN-INFORMATIVO-DE-HISOPO-ALERGENOS-2-600x573.jpg 600w, http:\/\/www.dilabsa.com\/es\/wp-content\/uploads\/2015\/10\/BOLETIN-INFORMATIVO-DE-HISOPO-ALERGENOS-2-150x143.jpg 150w\" sizes=\"(max-width: 1024px) 100vw, 1024px\" \/><\/h1>\n<p><img loading=\"lazy\" decoding=\"async\" class=\"aligncenter wp-image-438529 size-full\" src=\"http:\/\/www.dilabsa.com\/es\/wp-content\/uploads\/2015\/10\/wp9791e4cc_06.jpg\" alt=\"wp9791e4cc_06\" width=\"400\" height=\"265\" srcset=\"http:\/\/www.dilabsa.com\/es\/wp-content\/uploads\/2015\/10\/wp9791e4cc_06.jpg 400w, http:\/\/www.dilabsa.com\/es\/wp-content\/uploads\/2015\/10\/wp9791e4cc_06-300x199.jpg 300w, http:\/\/www.dilabsa.com\/es\/wp-content\/uploads\/2015\/10\/wp9791e4cc_06-150x99.jpg 150w\" sizes=\"(max-width: 400px) 100vw, 400px\" \/><\/p>\n<p>Contamos con suministros, y equipos que permiten la detecci\u00f3n de al\u00e9rgenos. En DILAB contamos con una soluci\u00f3n para cada necesidad, para mayor informaci\u00f3n Contactanos: PBX 2318-4000 o envianos un correo a industria7@dilabsa.com<\/p>\n<p>&nbsp;<\/p>\n<div style=\"text-align: left;\">*Fuente 1\u00a0http:\/\/www.eufic.org\/article\/es\/artid\/los-alergenos-alimentarios\/<\/div>\n<div style=\"text-align: left;\">*Fuente 2\u00a0http:\/\/www.scielo.org.co\/pdf\/sun\/v24n2\/v24n2a14<\/div>\n<div style=\"text-align: left;\"><\/div>\n<div style=\"text-align: left;\"><img loading=\"lazy\" decoding=\"async\" class=\"aligncenter wp-image-268079 size-full\" src=\"http:\/\/www.dilabsa.com\/es\/wp-content\/uploads\/2015\/08\/Contactanos-Baner.jpg\" alt=\"Contactanos Baner\" width=\"728\" height=\"90\" srcset=\"http:\/\/www.dilabsa.com\/es\/wp-content\/uploads\/2015\/08\/Contactanos-Baner.jpg 728w, http:\/\/www.dilabsa.com\/es\/wp-content\/uploads\/2015\/08\/Contactanos-Baner-450x56.jpg 450w, http:\/\/www.dilabsa.com\/es\/wp-content\/uploads\/2015\/08\/Contactanos-Baner-600x74.jpg 600w, http:\/\/www.dilabsa.com\/es\/wp-content\/uploads\/2015\/08\/Contactanos-Baner-300x37.jpg 300w, http:\/\/www.dilabsa.com\/es\/wp-content\/uploads\/2015\/08\/Contactanos-Baner-150x19.jpg 150w\" sizes=\"(max-width: 728px) 100vw, 728px\" \/><\/div>\n","protected":false},"excerpt":{"rendered":"<p>Los al\u00e9rgenos alimentarios En los \u00faltimos a\u00f1os, la prevalencia de las alergias alimentarias ha despertado un gran inter\u00e9s. Actualmente, se estima que el 2-4% de los adultos y el 6% de los ni\u00f1os sufren alg\u00fan tipo de alergia alimentaria. A pesar de que sabemos m\u00e1s que nunca sobre las cuestiones relacionadas con este tema y [&hellip;]<\/p>\n","protected":false},"author":3,"featured_media":438521,"comment_status":"open","ping_status":"open","sticky":false,"template":"","format":"standard","meta":{"inline_featured_image":false,"footnotes":""},"categories":[16],"tags":[],"class_list":["post-438515","post","type-post","status-publish","format-standard","has-post-thumbnail","hentry","category-blog"],"_links":{"self":[{"href":"http:\/\/www.dilabsa.com\/es\/wp-json\/wp\/v2\/posts\/438515","targetHints":{"allow":["GET"]}}],"collection":[{"href":"http:\/\/www.dilabsa.com\/es\/wp-json\/wp\/v2\/posts"}],"about":[{"href":"http:\/\/www.dilabsa.com\/es\/wp-json\/wp\/v2\/types\/post"}],"author":[{"embeddable":true,"href":"http:\/\/www.dilabsa.com\/es\/wp-json\/wp\/v2\/users\/3"}],"replies":[{"embeddable":true,"href":"http:\/\/www.dilabsa.com\/es\/wp-json\/wp\/v2\/comments?post=438515"}],"version-history":[{"count":0,"href":"http:\/\/www.dilabsa.com\/es\/wp-json\/wp\/v2\/posts\/438515\/revisions"}],"wp:featuredmedia":[{"embeddable":true,"href":"http:\/\/www.dilabsa.com\/es\/wp-json\/wp\/v2\/media\/438521"}],"wp:attachment":[{"href":"http:\/\/www.dilabsa.com\/es\/wp-json\/wp\/v2\/media?parent=438515"}],"wp:term":[{"taxonomy":"category","embeddable":true,"href":"http:\/\/www.dilabsa.com\/es\/wp-json\/wp\/v2\/categories?post=438515"},{"taxonomy":"post_tag","embeddable":true,"href":"http:\/\/www.dilabsa.com\/es\/wp-json\/wp\/v2\/tags?post=438515"}],"curies":[{"name":"wp","href":"https:\/\/api.w.org\/{rel}","templated":true}]}}